{"id":4392,"date":"2023-10-19T16:03:07","date_gmt":"2023-10-19T21:03:07","guid":{"rendered":"https:\/\/blomer.com.co\/?p=4392"},"modified":"2023-10-19T17:28:28","modified_gmt":"2023-10-19T22:28:28","slug":"blomer-y-la-feria-belleza-y-salud-2023-una-combinacion-perfecta","status":"publish","type":"post","link":"https:\/\/blomer.com.co\/en\/blomer-y-la-feria-belleza-y-salud-2023-una-combinacion-perfecta\/","title":{"rendered":"Blomer y la Feria Belleza y Salud 2023, una combinaci\u00f3n perfecta."},"content":{"rendered":"<div data-elementor-type=\"wp-post\" data-elementor-id=\"4392\" class=\"elementor elementor-4392\" data-elementor-post-type=\"post\">\n\t\t\t\t<section class=\"elementor-section elementor-top-section elementor-element elementor-element-16d2b2c9 elementor-section-boxed elementor-section-height-default elementor-section-height-default\" data-id=\"16d2b2c9\" data-element_type=\"section\">\n\t\t\t\t\t\t<div class=\"elementor-container elementor-column-gap-default\">\n\t\t\t\t\t<div class=\"elementor-column elementor-col-100 elementor-top-column elementor-element elementor-element-260c2f13\" data-id=\"260c2f13\" data-element_type=\"column\">\n\t\t\t<div class=\"elementor-widget-wrap elementor-element-populated\">\n\t\t\t\t\t\t<div class=\"elementor-element elementor-element-3e00ef89 elementor-widget elementor-widget-text-editor\" data-id=\"3e00ef89\" data-element_type=\"widget\" data-widget_type=\"text-editor.default\">\n\t\t\t\t<div class=\"elementor-widget-container\">\n\t\t\t\t\t\t\t\t\t<p><\/p>\n<p>En la Feria Belleza y Salud 2023, Blomer tuvo la oportunidad de establecer conexiones significativas con una amplia gama de profesionales y clientes del mundo de la belleza y el cuidado del cabello. Nuestro compromiso con la excelencia en el cuidado capilar se reflej\u00f3 en cada interacci\u00f3n, y aqu\u00ed te presentamos algunos aspectos destacados de nuestro emocionante viaje en el evento.<\/p>\n<p><\/p>\n<p><\/p>\n<h1 class=\"wp-block-heading has-medium-font-size\">Presentaci\u00f3n de la Nueva L\u00ednea de Tratamiento Capilar<\/h1>\n<p><\/p>\n<p><\/p>\n<p>Estamos emocionados de haber presentado la \u00faltima innovaci\u00f3n de Blomer: nuestra nueva l\u00ednea de tratamiento capilar. En la Feria Belleza y Salud 2023, hemos lanzado una serie de productos dise\u00f1ados para cuidar, embellecer y fortalecer tu cabello de una manera excepcional. Descubre lo que nuestra nueva l\u00ednea de tratamiento capilar tiene para ofrecer a continuaci\u00f3n.<\/p>\n<p><\/p>\n<p><\/p>\n<h2 class=\"wp-block-heading has-medium-font-size\">Shampoo Blomer: Cabello Limpio y Nutrido<\/h2>\n<p><\/p>\n<p><\/p>\n<figure class=\"wp-block-image size-large\"><img fetchpriority=\"high\" decoding=\"async\" width=\"1024\" height=\"1024\" class=\"wp-image-4395\" src=\"https:\/\/blomer.com.co\/wp-content\/uploads\/2023\/10\/328545577_1348468409057674_666045149269503606_n-1024x1024.jpg\" alt=\"\" srcset=\"https:\/\/blomer.com.co\/wp-content\/uploads\/2023\/10\/328545577_1348468409057674_666045149269503606_n-1024x1024.jpg 1024w, https:\/\/blomer.com.co\/wp-content\/uploads\/2023\/10\/328545577_1348468409057674_666045149269503606_n-500x500.jpg 500w, https:\/\/blomer.com.co\/wp-content\/uploads\/2023\/10\/328545577_1348468409057674_666045149269503606_n-100x100.jpg 100w, https:\/\/blomer.com.co\/wp-content\/uploads\/2023\/10\/328545577_1348468409057674_666045149269503606_n-300x300.jpg 300w, https:\/\/blomer.com.co\/wp-content\/uploads\/2023\/10\/328545577_1348468409057674_666045149269503606_n-150x150.jpg 150w, https:\/\/blomer.com.co\/wp-content\/uploads\/2023\/10\/328545577_1348468409057674_666045149269503606_n-768x768.jpg 768w, https:\/\/blomer.com.co\/wp-content\/uploads\/2023\/10\/328545577_1348468409057674_666045149269503606_n-12x12.jpg 12w, https:\/\/blomer.com.co\/wp-content\/uploads\/2023\/10\/328545577_1348468409057674_666045149269503606_n.jpg 1080w\" sizes=\"(max-width: 1024px) 100vw, 1024px\" \/><\/figure>\n<p><\/p>\n<p><\/p>\n<p>El Shampoo Blomer es tu soluci\u00f3n para una limpieza profunda, hidrataci\u00f3n y restauraci\u00f3n del cabello. Nuestra f\u00f3rmula anti-frizz combate la ca\u00edda, fortalece el fol\u00edculo piloso y deja tu cabello con un brillo y sedosidad que te encantar\u00e1. Ya sea que tengas cabello liso, rizado o cualquier otro tipo, este producto es la opci\u00f3n ideal para ti.<\/p>\n<p><\/p>\n<p><\/p>\n<h2 class=\"wp-block-heading has-medium-font-size\">Acondicionador Blomer: Nutrici\u00f3n y Cuidado Completo<\/h2>\n<p><\/p>\n<p><\/p>\n<figure class=\"wp-block-image size-large\"><img decoding=\"async\" width=\"1024\" height=\"1024\" class=\"wp-image-4397\" src=\"https:\/\/blomer.com.co\/wp-content\/uploads\/2023\/10\/328860003_672224964654770_7370809958571735368_n-1024x1024.jpg\" alt=\"\" srcset=\"https:\/\/blomer.com.co\/wp-content\/uploads\/2023\/10\/328860003_672224964654770_7370809958571735368_n-1024x1024.jpg 1024w, https:\/\/blomer.com.co\/wp-content\/uploads\/2023\/10\/328860003_672224964654770_7370809958571735368_n-500x500.jpg 500w, https:\/\/blomer.com.co\/wp-content\/uploads\/2023\/10\/328860003_672224964654770_7370809958571735368_n-100x100.jpg 100w, https:\/\/blomer.com.co\/wp-content\/uploads\/2023\/10\/328860003_672224964654770_7370809958571735368_n-300x300.jpg 300w, https:\/\/blomer.com.co\/wp-content\/uploads\/2023\/10\/328860003_672224964654770_7370809958571735368_n-150x150.jpg 150w, https:\/\/blomer.com.co\/wp-content\/uploads\/2023\/10\/328860003_672224964654770_7370809958571735368_n-768x768.jpg 768w, https:\/\/blomer.com.co\/wp-content\/uploads\/2023\/10\/328860003_672224964654770_7370809958571735368_n-12x12.jpg 12w, https:\/\/blomer.com.co\/wp-content\/uploads\/2023\/10\/328860003_672224964654770_7370809958571735368_n.jpg 1080w\" sizes=\"(max-width: 1024px) 100vw, 1024px\" \/><\/figure>\n<p><\/p>\n<p><\/p>\n<p>Nuestro Acondicionador Blomer es la respuesta para aquellos que buscan nutrici\u00f3n natural y un cuidado completo para su cabello. Su f\u00f3rmula \u00fanica desenreda, suaviza y fortalece tu cabello, restaurando su volumen y flexibilidad. Adem\u00e1s, reduce la p\u00e9rdida de prote\u00ednas y evita que tu cabello se sienta pesado. Disfruta de la suavidad y vitalidad que tu cabello se merece.<\/p>\n<p><\/p>\n<p><\/p>\n<h2 class=\"wp-block-heading has-medium-font-size\">Termoprotector Blomer: Protege y Embellece<\/h2>\n<p><\/p>\n<p><\/p>\n<figure class=\"wp-block-image size-large\"><img decoding=\"async\" width=\"1024\" height=\"1024\" class=\"wp-image-4398\" src=\"https:\/\/blomer.com.co\/wp-content\/uploads\/2023\/10\/296772220_608072787646866_2124658014392550317_n-1024x1024.jpg\" alt=\"\" srcset=\"https:\/\/blomer.com.co\/wp-content\/uploads\/2023\/10\/296772220_608072787646866_2124658014392550317_n-1024x1024.jpg 1024w, https:\/\/blomer.com.co\/wp-content\/uploads\/2023\/10\/296772220_608072787646866_2124658014392550317_n-500x500.jpg 500w, https:\/\/blomer.com.co\/wp-content\/uploads\/2023\/10\/296772220_608072787646866_2124658014392550317_n-100x100.jpg 100w, https:\/\/blomer.com.co\/wp-content\/uploads\/2023\/10\/296772220_608072787646866_2124658014392550317_n-300x300.jpg 300w, https:\/\/blomer.com.co\/wp-content\/uploads\/2023\/10\/296772220_608072787646866_2124658014392550317_n-150x150.jpg 150w, https:\/\/blomer.com.co\/wp-content\/uploads\/2023\/10\/296772220_608072787646866_2124658014392550317_n-768x768.jpg 768w, https:\/\/blomer.com.co\/wp-content\/uploads\/2023\/10\/296772220_608072787646866_2124658014392550317_n-12x12.jpg 12w, https:\/\/blomer.com.co\/wp-content\/uploads\/2023\/10\/296772220_608072787646866_2124658014392550317_n.jpg 1080w\" sizes=\"(max-width: 1024px) 100vw, 1024px\" \/><\/figure>\n<p><\/p>\n<p><\/p>\n<p>El Termoprotector Blomer es tu escudo contra las altas temperaturas. No solo protege tu cabello, sino que tambi\u00e9n mejora su peinabilidad y previene la ruptura y p\u00e9rdida causada por la tracci\u00f3n al peinar o cepillar. Adem\u00e1s, su alta repelencia a la humedad mantiene tu peinado intacto durante m\u00e1s tiempo, d\u00e1ndole a tu cabello una textura suave y agradable al tacto.<\/p>\n<p><\/p>\n<p><\/p>\n<h2 class=\"wp-block-heading has-medium-font-size\">Tratamiento Capilar Blomer: Nutrici\u00f3n Natural<\/h2>\n<p><\/p>\n<p><\/p>\n<figure class=\"wp-block-image size-large\"><img loading=\"lazy\" decoding=\"async\" width=\"1024\" height=\"1024\" class=\"wp-image-4399\" src=\"https:\/\/blomer.com.co\/wp-content\/uploads\/2023\/10\/328993210_887360965872557_6009123358151124298_n-1024x1024.jpg\" alt=\"\" srcset=\"https:\/\/blomer.com.co\/wp-content\/uploads\/2023\/10\/328993210_887360965872557_6009123358151124298_n-1024x1024.jpg 1024w, https:\/\/blomer.com.co\/wp-content\/uploads\/2023\/10\/328993210_887360965872557_6009123358151124298_n-500x500.jpg 500w, https:\/\/blomer.com.co\/wp-content\/uploads\/2023\/10\/328993210_887360965872557_6009123358151124298_n-100x100.jpg 100w, https:\/\/blomer.com.co\/wp-content\/uploads\/2023\/10\/328993210_887360965872557_6009123358151124298_n-300x300.jpg 300w, https:\/\/blomer.com.co\/wp-content\/uploads\/2023\/10\/328993210_887360965872557_6009123358151124298_n-150x150.jpg 150w, https:\/\/blomer.com.co\/wp-content\/uploads\/2023\/10\/328993210_887360965872557_6009123358151124298_n-768x768.jpg 768w, https:\/\/blomer.com.co\/wp-content\/uploads\/2023\/10\/328993210_887360965872557_6009123358151124298_n-12x12.jpg 12w, https:\/\/blomer.com.co\/wp-content\/uploads\/2023\/10\/328993210_887360965872557_6009123358151124298_n.jpg 1080w\" sizes=\"(max-width: 1024px) 100vw, 1024px\" \/><\/figure>\n<p><\/p>\n<p><\/p>\n<p>Nuestro Tratamiento Capilar Blomer es una joya que contiene extractos de plantas y prote\u00ednas de col\u00e1geno y queratina para proporcionar una nutrici\u00f3n adicional y mejorar la salud de tu cabello. Esta soluci\u00f3n natural es perfecta para aquellos que desean tratar su cabello da\u00f1ado y mejorar su aspecto y sensaci\u00f3n. Con ingredientes de origen natural como el aceite de ricino, el aceite de coco y la manteca de karit\u00e9, esta f\u00f3rmula protege tu cabello de da\u00f1os futuros mientras restaura su fuerza y elasticidad.<\/p>\n<p><\/p>\n<p><\/p>\n<p>Nuestra nueva l\u00ednea de tratamiento capilar es la respuesta a tus necesidades de cuidado capilar. En Blomer, estamos comprometidos a proporcionarte la mejor calidad y resultados impresionantes. \u00a1Deja que tu cabello experimente la diferencia Blomer! Puedes adquirir todos los productos de nuestra l\u00ednea capilar <a href=\"https:\/\/salonstore.co\/categoria-producto\/tratamientos\/\" target=\"_blank\" rel=\"noreferrer noopener\">aqu\u00ed<\/a>.<\/p>\n<p><\/p>\n<p><\/p>\n<h2 class=\"wp-block-heading has-medium-font-size\">Kit Capilar Blomer: La soluci\u00f3n completa para el cabello<\/h2>\n<p><\/p>\n<p><\/p>\n<p>El kit capilar Blomer es una soluci\u00f3n completa para el cuidado del cabello que incluye cuatro productos esenciales: shampoo, acondicionador, tratamiento, termoprotector y cepillo calima. Esta l\u00ednea de productos es especialmente formulada para proporcionar una limpieza profunda, hidrataci\u00f3n, reparaci\u00f3n y protecci\u00f3n contra el calor en un solo kit.<\/p>\n<p><\/p>\n<p><\/p>\n<figure class=\"wp-block-image size-large\"><a href=\"https:\/\/salonstore.co\/producto\/kit-capilar-blomer\/\"><img loading=\"lazy\" decoding=\"async\" width=\"1024\" height=\"715\" class=\"wp-image-4393\" src=\"https:\/\/blomer.com.co\/wp-content\/uploads\/2023\/10\/IMG_3732-1024x715.jpg\" alt=\"\" srcset=\"https:\/\/blomer.com.co\/wp-content\/uploads\/2023\/10\/IMG_3732-1024x715.jpg 1024w, https:\/\/blomer.com.co\/wp-content\/uploads\/2023\/10\/IMG_3732-scaled-500x349.jpg 500w, https:\/\/blomer.com.co\/wp-content\/uploads\/2023\/10\/IMG_3732-300x210.jpg 300w, https:\/\/blomer.com.co\/wp-content\/uploads\/2023\/10\/IMG_3732-150x105.jpg 150w, https:\/\/blomer.com.co\/wp-content\/uploads\/2023\/10\/IMG_3732-768x537.jpg 768w, https:\/\/blomer.com.co\/wp-content\/uploads\/2023\/10\/IMG_3732-1536x1073.jpg 1536w, https:\/\/blomer.com.co\/wp-content\/uploads\/2023\/10\/IMG_3732-2048x1431.jpg 2048w, https:\/\/blomer.com.co\/wp-content\/uploads\/2023\/10\/IMG_3732-18x12.jpg 18w\" sizes=\"(max-width: 1024px) 100vw, 1024px\" \/><\/a><\/figure>\n<p><\/p>\t\t\t\t\t\t\t\t<\/div>\n\t\t\t\t<\/div>\n\t\t\t\t<div class=\"elementor-element elementor-element-fb34744 elementor-widget elementor-widget-button\" data-id=\"fb34744\" data-element_type=\"widget\" data-widget_type=\"button.default\">\n\t\t\t\t<div class=\"elementor-widget-container\">\n\t\t\t\t\t\t\t\t\t<div class=\"elementor-button-wrapper\">\n\t\t\t\t\t<a class=\"elementor-button elementor-button-link elementor-size-sm\" href=\"https:\/\/salonstore.co\/producto\/kit-capilar-blomer\/\">\n\t\t\t\t\t\t<span class=\"elementor-button-content-wrapper\">\n\t\t\t\t\t\t\t\t\t<span class=\"elementor-button-text\">\u00a1Quiero el kit!<\/span>\n\t\t\t\t\t<\/span>\n\t\t\t\t\t<\/a>\n\t\t\t\t<\/div>\n\t\t\t\t\t\t\t\t<\/div>\n\t\t\t\t<\/div>\n\t\t\t\t\t<\/div>\n\t\t<\/div>\n\t\t\t\t\t<\/div>\n\t\t<\/section>\n\t\t\t\t<section class=\"elementor-section elementor-top-section elementor-element elementor-element-2e3d82f elementor-section-boxed elementor-section-height-default elementor-section-height-default\" data-id=\"2e3d82f\" data-element_type=\"section\">\n\t\t\t\t\t\t<div class=\"elementor-container elementor-column-gap-default\">\n\t\t\t\t\t<div class=\"elementor-column elementor-col-100 elementor-top-column elementor-element elementor-element-5e7196a\" data-id=\"5e7196a\" data-element_type=\"column\">\n\t\t\t<div class=\"elementor-widget-wrap elementor-element-populated\">\n\t\t\t\t\t\t<div class=\"elementor-element elementor-element-5b03735 elementor-widget elementor-widget-text-editor\" data-id=\"5b03735\" data-element_type=\"widget\" data-widget_type=\"text-editor.default\">\n\t\t\t\t<div class=\"elementor-widget-container\">\n\t\t\t\t\t\t\t\t\t<p class=\"has-medium-font-size\" style=\"font-size: var(--wp--preset--font-size--medium) !important;\"><span style=\"font-weight: bolder;\">Inspirando a Futuros Profesionales<\/span><\/p>\n<p>\u00a0<\/p>\n<p>\u00a0<\/p>\n<p>Las academias de belleza encontraron en Blomer una fuente de inspiraci\u00f3n. Mostramos a los estudiantes c\u00f3mo nuestro Shampoo y Acondicionador pueden ser aliados ideales en el proceso de aprendizaje y en la creaci\u00f3n de futuros estilistas exitosos. El aspecto educativo de la Feria fue fundamental para nosotros, y estamos emocionados por el impacto que tuvimos en las futuras generaciones de profesionales de la belleza.<\/p>\n<p>\u00a0<\/p>\n<p>\u00a0<\/p>\n<h2 class=\"wp-block-heading has-medium-font-size\" style=\"color: #000000; font-size: var(--wp--preset--font-size--medium) !important;\">\u00a1Peluqueros Impresionados!<\/h2>\n<p>\u00a0<\/p>\n<p>\u00a0<\/p>\n<p>Los peluqueros, como expertos en la industria, no solo visitaron nuestro stand en la Feria, sino que tambi\u00e9n se mostraron impresionados por nuestra nueva l\u00ednea de tratamiento capilar. Descubrieron c\u00f3mo nuestros productos pueden ayudarles a lograr resultados excepcionales para sus clientes, desde limpieza profunda hasta brillo y sedosidad duradera.<\/p>\n<p>\u00a0<\/p>\n<p>\u00a0<\/p>\n<h2 class=\"wp-block-heading has-medium-font-size\" style=\"color: #000000; font-size: var(--wp--preset--font-size--medium) !important;\">Clientes Satisfechos en Toda Colombia<\/h2>\n<p>\u00a0<\/p>\n<p>\u00a0<\/p>\n<figure class=\"wp-block-gallery has-nested-images columns-default is-cropped\">\n<p>\u00a0<\/p>\n<figure class=\"wp-block-image size-large\" style=\"width: calc(33.33% - var(--wp--style--unstable-gallery-gap, 16px)*.66667);\"><img loading=\"lazy\" decoding=\"async\" width=\"576\" height=\"1024\" class=\"wp-image-4400\" style=\"height: 555.766px; width: 312.625px;\" src=\"https:\/\/blomer.com.co\/wp-content\/uploads\/2023\/10\/FullSizeRender-576x1024.jpg\" alt=\"\" srcset=\"https:\/\/blomer.com.co\/wp-content\/uploads\/2023\/10\/FullSizeRender-576x1024.jpg 576w, https:\/\/blomer.com.co\/wp-content\/uploads\/2023\/10\/FullSizeRender-scaled-500x889.jpg 500w, https:\/\/blomer.com.co\/wp-content\/uploads\/2023\/10\/FullSizeRender-169x300.jpg 169w, https:\/\/blomer.com.co\/wp-content\/uploads\/2023\/10\/FullSizeRender-84x150.jpg 84w, https:\/\/blomer.com.co\/wp-content\/uploads\/2023\/10\/FullSizeRender-768x1365.jpg 768w, https:\/\/blomer.com.co\/wp-content\/uploads\/2023\/10\/FullSizeRender-864x1536.jpg 864w, https:\/\/blomer.com.co\/wp-content\/uploads\/2023\/10\/FullSizeRender-1152x2048.jpg 1152w, https:\/\/blomer.com.co\/wp-content\/uploads\/2023\/10\/FullSizeRender-7x12.jpg 7w, https:\/\/blomer.com.co\/wp-content\/uploads\/2023\/10\/FullSizeRender-scaled.jpg 1440w\" sizes=\"(max-width: 576px) 100vw, 576px\" \/><\/figure>\n<p>\u00a0<\/p>\n<p>\u00a0<\/p>\n<figure class=\"wp-block-image size-large\" style=\"width: calc(33.33% - var(--wp--style--unstable-gallery-gap, 16px)*.66667);\"><img loading=\"lazy\" decoding=\"async\" width=\"768\" height=\"1024\" class=\"wp-image-4401\" style=\"height: 416.828px; width: 312.625px;\" src=\"https:\/\/blomer.com.co\/wp-content\/uploads\/2023\/10\/IMG_3686-768x1024.jpg\" alt=\"\" srcset=\"https:\/\/blomer.com.co\/wp-content\/uploads\/2023\/10\/IMG_3686-768x1024.jpg 768w, https:\/\/blomer.com.co\/wp-content\/uploads\/2023\/10\/IMG_3686-scaled-500x667.jpg 500w, https:\/\/blomer.com.co\/wp-content\/uploads\/2023\/10\/IMG_3686-225x300.jpg 225w, https:\/\/blomer.com.co\/wp-content\/uploads\/2023\/10\/IMG_3686-113x150.jpg 113w, https:\/\/blomer.com.co\/wp-content\/uploads\/2023\/10\/IMG_3686-1152x1536.jpg 1152w, https:\/\/blomer.com.co\/wp-content\/uploads\/2023\/10\/IMG_3686-1536x2048.jpg 1536w, https:\/\/blomer.com.co\/wp-content\/uploads\/2023\/10\/IMG_3686-9x12.jpg 9w, https:\/\/blomer.com.co\/wp-content\/uploads\/2023\/10\/IMG_3686-scaled.jpg 1920w\" sizes=\"(max-width: 768px) 100vw, 768px\" \/><\/figure>\n<p>\u00a0<\/p>\n<p>\u00a0<\/p>\n<figure class=\"wp-block-image size-large\" style=\"width: calc(33.33% - var(--wp--style--unstable-gallery-gap, 16px)*.66667);\"><img loading=\"lazy\" decoding=\"async\" width=\"768\" height=\"1024\" class=\"wp-image-4402\" style=\"height: 416.828px; width: 312.625px;\" src=\"https:\/\/blomer.com.co\/wp-content\/uploads\/2023\/10\/IMG_3774-768x1024.jpg\" alt=\"\" srcset=\"https:\/\/blomer.com.co\/wp-content\/uploads\/2023\/10\/IMG_3774-768x1024.jpg 768w, https:\/\/blomer.com.co\/wp-content\/uploads\/2023\/10\/IMG_3774-scaled-500x667.jpg 500w, https:\/\/blomer.com.co\/wp-content\/uploads\/2023\/10\/IMG_3774-225x300.jpg 225w, https:\/\/blomer.com.co\/wp-content\/uploads\/2023\/10\/IMG_3774-113x150.jpg 113w, https:\/\/blomer.com.co\/wp-content\/uploads\/2023\/10\/IMG_3774-1152x1536.jpg 1152w, https:\/\/blomer.com.co\/wp-content\/uploads\/2023\/10\/IMG_3774-1536x2048.jpg 1536w, https:\/\/blomer.com.co\/wp-content\/uploads\/2023\/10\/IMG_3774-9x12.jpg 9w, https:\/\/blomer.com.co\/wp-content\/uploads\/2023\/10\/IMG_3774-scaled.jpg 1920w\" sizes=\"(max-width: 768px) 100vw, 768px\" \/><\/figure>\n<p>\u00a0<\/p>\n<\/figure>\n<p>\u00a0<\/p>\n<p>\u00a0<\/p>\n<p>Nuestra experiencia en la Feria Belleza y Salud 2023 no habr\u00eda sido completa sin la presencia de clientes de todo el pa\u00eds. Conocimos a personas que buscan soluciones efectivas para el cuidado de su cabello, y les mostramos c\u00f3mo nuestros productos pueden hacer la diferencia. La emoci\u00f3n y satisfacci\u00f3n de nuestros clientes es nuestra mayor recompensa.<\/p>\n<p>\u00a0<\/p>\n<p>\u00a0<\/p>\n<p>En Blomer, valoramos las relaciones que construimos en la Feria y estamos comprometidos en seguir brindando productos de alta calidad y un servicio excepcional a todos nuestros nuevos amigos y socios.<\/p>\n<p>\u00a0<\/p>\n<p>\u00a0<\/p>\n<p>\u00a1Gracias por conectar con nosotros en este emocionante evento!<\/p>\n<p>\u00a0<\/p>\n<p>\u00a0<\/p>\n<p>Te invitamos a visitar la tienda online\u00a0<a href=\"http:\/\/www.salonstore.co\/\">www.salonstore.co<\/a>\u00a0para adquirir nuestros cepillos y la nueva l\u00ednea de tratamiento capilar. \u00a1Cuida tu cabello con Blomer!<\/p>\t\t\t\t\t\t\t\t<\/div>\n\t\t\t\t<\/div>\n\t\t\t\t\t<\/div>\n\t\t<\/div>\n\t\t\t\t\t<\/div>\n\t\t<\/section>\t\t<\/div>","protected":false},"excerpt":{"rendered":"<p>En la Feria Belleza y Salud 2023, Blomer tuvo la oportunidad de establecer conexiones significativas con una amplia gama de profesionales y clientes del mundo de la belleza y el cuidado del cabello. Nuestro compromiso con la excelencia en el cuidado capilar se reflej\u00f3 en cada interacci\u00f3n, y aqu\u00ed te presentamos algunos aspectos destacados de [&hellip;]<\/p>","protected":false},"author":3,"featured_media":4404,"comment_status":"open","ping_status":"open","sticky":true,"template":"","format":"standard","meta":{"_acf_changed":false,"footnotes":""},"categories":[71],"tags":[],"class_list":["post-4392","post","type-post","status-publish","format-standard","has-post-thumbnail","hentry","category-novedades"],"acf":[],"yoast_head":"<!-- This site is optimized with the Yoast SEO plugin v25.2 - https:\/\/yoast.com\/wordpress\/plugins\/seo\/ -->\n<title>Blomer y la Feria Belleza y Salud 2023, una combinaci\u00f3n perfecta. | BLOMER CEPILLOS PARA EL CABELLO | Cepillo para cabello<\/title>\n<meta name=\"description\" content=\"Blomer y la Feria Belleza y Salud 2023, una combinaci\u00f3n perfecta. | En la Feria Belleza y Salud 2023, Blomer tuvo la oportunidad de establecer conexiones significativas con una amplia gama de profesionales y clientes del | Cepillo para cabello | BLOMER CEPILLOS PARA EL CABELLO\" \/>\n<meta name=\"robots\" content=\"noindex, follow\" \/>\n<meta property=\"og:locale\" content=\"en_US\" \/>\n<meta property=\"og:type\" content=\"article\" \/>\n<meta property=\"og:title\" content=\"Blomer y la Feria Belleza y Salud 2023, una combinaci\u00f3n perfecta. | BLOMER CEPILLOS PARA EL CABELLO | Cepillo para cabello\" \/>\n<meta property=\"og:description\" content=\"Blomer y la Feria Belleza y Salud 2023, una combinaci\u00f3n perfecta. | En la Feria Belleza y Salud 2023, Blomer tuvo la oportunidad de establecer conexiones significativas con una amplia gama de profesionales y clientes del | Cepillo para cabello | BLOMER CEPILLOS PARA EL CABELLO\" \/>\n<meta property=\"og:url\" content=\"https:\/\/blomer.com.co\/en\/blomer-y-la-feria-belleza-y-salud-2023-una-combinacion-perfecta\/\" \/>\n<meta property=\"og:site_name\" content=\"BLOMER CEPILLOS PARA EL CABELLO\" \/>\n<meta property=\"article:publisher\" content=\"https:\/\/www.facebook.com\/cepillosblomer\" \/>\n<meta property=\"article:published_time\" content=\"2023-10-19T21:03:07+00:00\" \/>\n<meta property=\"article:modified_time\" content=\"2023-10-19T22:28:28+00:00\" \/>\n<meta property=\"og:image\" content=\"https:\/\/blomer.com.co\/wp-content\/uploads\/2023\/10\/IMG_3905.jpeg\" \/>\n\t<meta property=\"og:image:width\" content=\"1620\" \/>\n\t<meta property=\"og:image:height\" content=\"1080\" \/>\n\t<meta property=\"og:image:type\" content=\"image\/jpeg\" \/>\n<meta name=\"author\" content=\"Blomer\" \/>\n<meta name=\"twitter:card\" content=\"summary_large_image\" \/>\n<meta name=\"twitter:label1\" content=\"Written by\" \/>\n\t<meta name=\"twitter:data1\" content=\"Blomer\" \/>\n\t<meta name=\"twitter:label2\" content=\"Est. reading time\" \/>\n\t<meta name=\"twitter:data2\" content=\"6 minutes\" \/>\n<script type=\"application\/ld+json\" class=\"yoast-schema-graph\">{\"@context\":\"https:\/\/schema.org\",\"@graph\":[{\"@type\":\"Article\",\"@id\":\"https:\/\/blomer.com.co\/blomer-y-la-feria-belleza-y-salud-2023-una-combinacion-perfecta\/#article\",\"isPartOf\":{\"@id\":\"https:\/\/blomer.com.co\/blomer-y-la-feria-belleza-y-salud-2023-una-combinacion-perfecta\/\"},\"author\":{\"name\":\"Blomer\",\"@id\":\"https:\/\/blomer.com.co\/#\/schema\/person\/b3f745ebe9c6f368028fd1899e1c21f8\"},\"headline\":\"Blomer y la Feria Belleza y Salud 2023, una combinaci\u00f3n perfecta.\",\"datePublished\":\"2023-10-19T21:03:07+00:00\",\"dateModified\":\"2023-10-19T22:28:28+00:00\",\"mainEntityOfPage\":{\"@id\":\"https:\/\/blomer.com.co\/blomer-y-la-feria-belleza-y-salud-2023-una-combinacion-perfecta\/\"},\"wordCount\":819,\"commentCount\":0,\"publisher\":{\"@id\":\"https:\/\/blomer.com.co\/#organization\"},\"image\":{\"@id\":\"https:\/\/blomer.com.co\/blomer-y-la-feria-belleza-y-salud-2023-una-combinacion-perfecta\/#primaryimage\"},\"thumbnailUrl\":\"https:\/\/blomer.com.co\/wp-content\/uploads\/2023\/10\/IMG_3905.jpeg\",\"articleSection\":[\"Novedades\"],\"inLanguage\":\"en-US\",\"potentialAction\":[{\"@type\":\"CommentAction\",\"name\":\"Comment\",\"target\":[\"https:\/\/blomer.com.co\/blomer-y-la-feria-belleza-y-salud-2023-una-combinacion-perfecta\/#respond\"]}]},{\"@type\":\"WebPage\",\"@id\":\"https:\/\/blomer.com.co\/blomer-y-la-feria-belleza-y-salud-2023-una-combinacion-perfecta\/\",\"url\":\"https:\/\/blomer.com.co\/blomer-y-la-feria-belleza-y-salud-2023-una-combinacion-perfecta\/\",\"name\":\"Blomer y la Feria Belleza y Salud 2023, una combinaci\u00f3n perfecta. | BLOMER CEPILLOS PARA EL CABELLO | Cepillo para cabello\",\"isPartOf\":{\"@id\":\"https:\/\/blomer.com.co\/#website\"},\"primaryImageOfPage\":{\"@id\":\"https:\/\/blomer.com.co\/blomer-y-la-feria-belleza-y-salud-2023-una-combinacion-perfecta\/#primaryimage\"},\"image\":{\"@id\":\"https:\/\/blomer.com.co\/blomer-y-la-feria-belleza-y-salud-2023-una-combinacion-perfecta\/#primaryimage\"},\"thumbnailUrl\":\"https:\/\/blomer.com.co\/wp-content\/uploads\/2023\/10\/IMG_3905.jpeg\",\"datePublished\":\"2023-10-19T21:03:07+00:00\",\"dateModified\":\"2023-10-19T22:28:28+00:00\",\"description\":\"Blomer y la Feria Belleza y Salud 2023, una combinaci\u00f3n perfecta. | En la Feria Belleza y Salud 2023, Blomer tuvo la oportunidad de establecer conexiones significativas con una amplia gama de profesionales y clientes del | Cepillo para cabello | BLOMER CEPILLOS PARA EL CABELLO\",\"breadcrumb\":{\"@id\":\"https:\/\/blomer.com.co\/blomer-y-la-feria-belleza-y-salud-2023-una-combinacion-perfecta\/#breadcrumb\"},\"inLanguage\":\"en-US\",\"potentialAction\":[{\"@type\":\"ReadAction\",\"target\":[\"https:\/\/blomer.com.co\/blomer-y-la-feria-belleza-y-salud-2023-una-combinacion-perfecta\/\"]}]},{\"@type\":\"ImageObject\",\"inLanguage\":\"en-US\",\"@id\":\"https:\/\/blomer.com.co\/blomer-y-la-feria-belleza-y-salud-2023-una-combinacion-perfecta\/#primaryimage\",\"url\":\"https:\/\/blomer.com.co\/wp-content\/uploads\/2023\/10\/IMG_3905.jpeg\",\"contentUrl\":\"https:\/\/blomer.com.co\/wp-content\/uploads\/2023\/10\/IMG_3905.jpeg\",\"width\":1620,\"height\":1080},{\"@type\":\"BreadcrumbList\",\"@id\":\"https:\/\/blomer.com.co\/blomer-y-la-feria-belleza-y-salud-2023-una-combinacion-perfecta\/#breadcrumb\",\"itemListElement\":[{\"@type\":\"ListItem\",\"position\":1,\"name\":\"Portada\",\"item\":\"https:\/\/blomer.com.co\/\"},{\"@type\":\"ListItem\",\"position\":2,\"name\":\"Blomer y la Feria Belleza y Salud 2023, una combinaci\u00f3n perfecta.\"}]},{\"@type\":\"WebSite\",\"@id\":\"https:\/\/blomer.com.co\/#website\",\"url\":\"https:\/\/blomer.com.co\/\",\"name\":\"BLOMER CEPILLOS PARA EL CABELLO\",\"description\":\"Cepillos Profesionales para el cabello\",\"publisher\":{\"@id\":\"https:\/\/blomer.com.co\/#organization\"},\"potentialAction\":[{\"@type\":\"SearchAction\",\"target\":{\"@type\":\"EntryPoint\",\"urlTemplate\":\"https:\/\/blomer.com.co\/?s={search_term_string}\"},\"query-input\":{\"@type\":\"PropertyValueSpecification\",\"valueRequired\":true,\"valueName\":\"search_term_string\"}}],\"inLanguage\":\"en-US\"},{\"@type\":\"Organization\",\"@id\":\"https:\/\/blomer.com.co\/#organization\",\"name\":\"Blomer | Cepillos para el Cabello\",\"url\":\"https:\/\/blomer.com.co\/\",\"logo\":{\"@type\":\"ImageObject\",\"inLanguage\":\"en-US\",\"@id\":\"https:\/\/blomer.com.co\/#\/schema\/logo\/image\/\",\"url\":\"https:\/\/blomer.com.co\/wp-content\/uploads\/2021\/02\/cropped-LOGO2-WEB-Blomer-10-1.png\",\"contentUrl\":\"https:\/\/blomer.com.co\/wp-content\/uploads\/2021\/02\/cropped-LOGO2-WEB-Blomer-10-1.png\",\"width\":515,\"height\":457,\"caption\":\"Blomer | Cepillos para el Cabello\"},\"image\":{\"@id\":\"https:\/\/blomer.com.co\/#\/schema\/logo\/image\/\"},\"sameAs\":[\"https:\/\/www.facebook.com\/cepillosblomer\",\"https:\/\/www.instagram.com\/cepillosblomer\/\",\"https:\/\/www.youtube.com\/channel\/UC8StcQv9E7OE550fxk1jydA\"]},{\"@type\":\"Person\",\"@id\":\"https:\/\/blomer.com.co\/#\/schema\/person\/b3f745ebe9c6f368028fd1899e1c21f8\",\"name\":\"Blomer\",\"image\":{\"@type\":\"ImageObject\",\"inLanguage\":\"en-US\",\"@id\":\"https:\/\/blomer.com.co\/#\/schema\/person\/image\/\",\"url\":\"https:\/\/secure.gravatar.com\/avatar\/dded8b35efb70e9b6b836647812cb58d7e745c4074533e44324eda8b877d8284?s=96&d=mm&r=g\",\"contentUrl\":\"https:\/\/secure.gravatar.com\/avatar\/dded8b35efb70e9b6b836647812cb58d7e745c4074533e44324eda8b877d8284?s=96&d=mm&r=g\",\"caption\":\"Blomer\"}}]}<\/script>\n<!-- \/ Yoast SEO plugin. -->","yoast_head_json":{"title":"Blomer y la Feria Belleza y Salud 2023, una combinaci\u00f3n perfecta. | BLOMER CEPILLOS PARA EL CABELLO | Cepillo para cabello","description":"Blomer y la Feria Belleza y Salud 2023, una combinaci\u00f3n perfecta. | En la Feria Belleza y Salud 2023, Blomer tuvo la oportunidad de establecer conexiones significativas con una amplia gama de profesionales y clientes del | Cepillo para cabello | BLOMER CEPILLOS PARA EL CABELLO","robots":{"index":"noindex","follow":"follow"},"og_locale":"en_US","og_type":"article","og_title":"Blomer y la Feria Belleza y Salud 2023, una combinaci\u00f3n perfecta. | BLOMER CEPILLOS PARA EL CABELLO | Cepillo para cabello","og_description":"Blomer y la Feria Belleza y Salud 2023, una combinaci\u00f3n perfecta. | En la Feria Belleza y Salud 2023, Blomer tuvo la oportunidad de establecer conexiones significativas con una amplia gama de profesionales y clientes del | Cepillo para cabello | BLOMER CEPILLOS PARA EL CABELLO","og_url":"https:\/\/blomer.com.co\/en\/blomer-y-la-feria-belleza-y-salud-2023-una-combinacion-perfecta\/","og_site_name":"BLOMER CEPILLOS PARA EL CABELLO","article_publisher":"https:\/\/www.facebook.com\/cepillosblomer","article_published_time":"2023-10-19T21:03:07+00:00","article_modified_time":"2023-10-19T22:28:28+00:00","og_image":[{"width":1620,"height":1080,"url":"https:\/\/blomer.com.co\/wp-content\/uploads\/2023\/10\/IMG_3905.jpeg","type":"image\/jpeg"}],"author":"Blomer","twitter_card":"summary_large_image","twitter_misc":{"Written by":"Blomer","Est. reading time":"6 minutes"},"schema":{"@context":"https:\/\/schema.org","@graph":[{"@type":"Article","@id":"https:\/\/blomer.com.co\/blomer-y-la-feria-belleza-y-salud-2023-una-combinacion-perfecta\/#article","isPartOf":{"@id":"https:\/\/blomer.com.co\/blomer-y-la-feria-belleza-y-salud-2023-una-combinacion-perfecta\/"},"author":{"name":"Blomer","@id":"https:\/\/blomer.com.co\/#\/schema\/person\/b3f745ebe9c6f368028fd1899e1c21f8"},"headline":"Blomer y la Feria Belleza y Salud 2023, una combinaci\u00f3n perfecta.","datePublished":"2023-10-19T21:03:07+00:00","dateModified":"2023-10-19T22:28:28+00:00","mainEntityOfPage":{"@id":"https:\/\/blomer.com.co\/blomer-y-la-feria-belleza-y-salud-2023-una-combinacion-perfecta\/"},"wordCount":819,"commentCount":0,"publisher":{"@id":"https:\/\/blomer.com.co\/#organization"},"image":{"@id":"https:\/\/blomer.com.co\/blomer-y-la-feria-belleza-y-salud-2023-una-combinacion-perfecta\/#primaryimage"},"thumbnailUrl":"https:\/\/blomer.com.co\/wp-content\/uploads\/2023\/10\/IMG_3905.jpeg","articleSection":["Novedades"],"inLanguage":"en-US","potentialAction":[{"@type":"CommentAction","name":"Comment","target":["https:\/\/blomer.com.co\/blomer-y-la-feria-belleza-y-salud-2023-una-combinacion-perfecta\/#respond"]}]},{"@type":"WebPage","@id":"https:\/\/blomer.com.co\/blomer-y-la-feria-belleza-y-salud-2023-una-combinacion-perfecta\/","url":"https:\/\/blomer.com.co\/blomer-y-la-feria-belleza-y-salud-2023-una-combinacion-perfecta\/","name":"Blomer y la Feria Belleza y Salud 2023, una combinaci\u00f3n perfecta. | BLOMER CEPILLOS PARA EL CABELLO | Cepillo para cabello","isPartOf":{"@id":"https:\/\/blomer.com.co\/#website"},"primaryImageOfPage":{"@id":"https:\/\/blomer.com.co\/blomer-y-la-feria-belleza-y-salud-2023-una-combinacion-perfecta\/#primaryimage"},"image":{"@id":"https:\/\/blomer.com.co\/blomer-y-la-feria-belleza-y-salud-2023-una-combinacion-perfecta\/#primaryimage"},"thumbnailUrl":"https:\/\/blomer.com.co\/wp-content\/uploads\/2023\/10\/IMG_3905.jpeg","datePublished":"2023-10-19T21:03:07+00:00","dateModified":"2023-10-19T22:28:28+00:00","description":"Blomer y la Feria Belleza y Salud 2023, una combinaci\u00f3n perfecta. | En la Feria Belleza y Salud 2023, Blomer tuvo la oportunidad de establecer conexiones significativas con una amplia gama de profesionales y clientes del | Cepillo para cabello | BLOMER CEPILLOS PARA EL CABELLO","breadcrumb":{"@id":"https:\/\/blomer.com.co\/blomer-y-la-feria-belleza-y-salud-2023-una-combinacion-perfecta\/#breadcrumb"},"inLanguage":"en-US","potentialAction":[{"@type":"ReadAction","target":["https:\/\/blomer.com.co\/blomer-y-la-feria-belleza-y-salud-2023-una-combinacion-perfecta\/"]}]},{"@type":"ImageObject","inLanguage":"en-US","@id":"https:\/\/blomer.com.co\/blomer-y-la-feria-belleza-y-salud-2023-una-combinacion-perfecta\/#primaryimage","url":"https:\/\/blomer.com.co\/wp-content\/uploads\/2023\/10\/IMG_3905.jpeg","contentUrl":"https:\/\/blomer.com.co\/wp-content\/uploads\/2023\/10\/IMG_3905.jpeg","width":1620,"height":1080},{"@type":"BreadcrumbList","@id":"https:\/\/blomer.com.co\/blomer-y-la-feria-belleza-y-salud-2023-una-combinacion-perfecta\/#breadcrumb","itemListElement":[{"@type":"ListItem","position":1,"name":"Portada","item":"https:\/\/blomer.com.co\/"},{"@type":"ListItem","position":2,"name":"Blomer y la Feria Belleza y Salud 2023, una combinaci\u00f3n perfecta."}]},{"@type":"WebSite","@id":"https:\/\/blomer.com.co\/#website","url":"https:\/\/blomer.com.co\/","name":"BLOMER CEPILLOS PARA EL CABELLO","description":"Cepillos Profesionales para el cabello","publisher":{"@id":"https:\/\/blomer.com.co\/#organization"},"potentialAction":[{"@type":"SearchAction","target":{"@type":"EntryPoint","urlTemplate":"https:\/\/blomer.com.co\/?s={search_term_string}"},"query-input":{"@type":"PropertyValueSpecification","valueRequired":true,"valueName":"search_term_string"}}],"inLanguage":"en-US"},{"@type":"Organization","@id":"https:\/\/blomer.com.co\/#organization","name":"Blomer | Cepillos para el Cabello","url":"https:\/\/blomer.com.co\/","logo":{"@type":"ImageObject","inLanguage":"en-US","@id":"https:\/\/blomer.com.co\/#\/schema\/logo\/image\/","url":"https:\/\/blomer.com.co\/wp-content\/uploads\/2021\/02\/cropped-LOGO2-WEB-Blomer-10-1.png","contentUrl":"https:\/\/blomer.com.co\/wp-content\/uploads\/2021\/02\/cropped-LOGO2-WEB-Blomer-10-1.png","width":515,"height":457,"caption":"Blomer | Cepillos para el Cabello"},"image":{"@id":"https:\/\/blomer.com.co\/#\/schema\/logo\/image\/"},"sameAs":["https:\/\/www.facebook.com\/cepillosblomer","https:\/\/www.instagram.com\/cepillosblomer\/","https:\/\/www.youtube.com\/channel\/UC8StcQv9E7OE550fxk1jydA"]},{"@type":"Person","@id":"https:\/\/blomer.com.co\/#\/schema\/person\/b3f745ebe9c6f368028fd1899e1c21f8","name":"Blomer","image":{"@type":"ImageObject","inLanguage":"en-US","@id":"https:\/\/blomer.com.co\/#\/schema\/person\/image\/","url":"https:\/\/secure.gravatar.com\/avatar\/dded8b35efb70e9b6b836647812cb58d7e745c4074533e44324eda8b877d8284?s=96&d=mm&r=g","contentUrl":"https:\/\/secure.gravatar.com\/avatar\/dded8b35efb70e9b6b836647812cb58d7e745c4074533e44324eda8b877d8284?s=96&d=mm&r=g","caption":"Blomer"}}]}},"_links":{"self":[{"href":"https:\/\/blomer.com.co\/en\/wp-json\/wp\/v2\/posts\/4392","targetHints":{"allow":["GET"]}}],"collection":[{"href":"https:\/\/blomer.com.co\/en\/wp-json\/wp\/v2\/posts"}],"about":[{"href":"https:\/\/blomer.com.co\/en\/wp-json\/wp\/v2\/types\/post"}],"author":[{"embeddable":true,"href":"https:\/\/blomer.com.co\/en\/wp-json\/wp\/v2\/users\/3"}],"replies":[{"embeddable":true,"href":"https:\/\/blomer.com.co\/en\/wp-json\/wp\/v2\/comments?post=4392"}],"version-history":[{"count":9,"href":"https:\/\/blomer.com.co\/en\/wp-json\/wp\/v2\/posts\/4392\/revisions"}],"predecessor-version":[{"id":4416,"href":"https:\/\/blomer.com.co\/en\/wp-json\/wp\/v2\/posts\/4392\/revisions\/4416"}],"wp:featuredmedia":[{"embeddable":true,"href":"https:\/\/blomer.com.co\/en\/wp-json\/wp\/v2\/media\/4404"}],"wp:attachment":[{"href":"https:\/\/blomer.com.co\/en\/wp-json\/wp\/v2\/media?parent=4392"}],"wp:term":[{"taxonomy":"category","embeddable":true,"href":"https:\/\/blomer.com.co\/en\/wp-json\/wp\/v2\/categories?post=4392"},{"taxonomy":"post_tag","embeddable":true,"href":"https:\/\/blomer.com.co\/en\/wp-json\/wp\/v2\/tags?post=4392"}],"curies":[{"name":"wp","href":"https:\/\/api.w.org\/{rel}","templated":true}]}}