{"id":4144,"date":"2023-01-10T14:11:41","date_gmt":"2023-01-10T19:11:41","guid":{"rendered":"https:\/\/blomer.com.co\/?p=4144"},"modified":"2023-02-06T17:46:27","modified_gmt":"2023-02-06T22:46:27","slug":"tips-para-lavar-tu-cabello","status":"publish","type":"post","link":"https:\/\/blomer.com.co\/en\/tips-para-lavar-tu-cabello\/","title":{"rendered":"Tips para lavar tu cabello"},"content":{"rendered":"<p>Despu\u00e9s de un duro d\u00eda de trabajo, tu pelo puede sentirse tirante y seco. Tambi\u00e9n puede resultarte dif\u00edcil peinarlo debido al peso de la acumulaci\u00f3n. Sin embargo, todos estos problemas se pueden solucionar f\u00e1cilmente lav\u00e1ndose el pelo. Lavarse el pelo es un proceso sencillo y puedes hacerlo casi en cualquier sitio. S\u00f3lo necesitas un buen cepillo y un poco de agua. No necesitas l\u00e1grimas. Empecemos, \u00bfvale?<\/p><h2 class=\"wp-block-heading\">\u00bfCu\u00e1l es la diferencia entre cabello seco y h\u00famedo?<\/h2><p>Cuando el pelo est\u00e1 seco, pesa m\u00e1s y puede costar m\u00e1s lavarlo. Cuando est\u00e1 mojado, es m\u00e1s f\u00e1cil de secar y pesa m\u00e1s. El agua es un gran peso libre que el cabello puede absorber. Cuando el pelo est\u00e1 mojado, es m\u00e1s dif\u00edcil de secar y tambi\u00e9n es m\u00e1s probable que se rompa como resultado del flujo de agua.<\/p><h2 class=\"wp-block-heading\">\u00bfC\u00f3mo lavarse el pelo sin que se rompa?<\/h2><p>Lavarse el cabello con un buen secador es la mejor opci\u00f3n. Se sabe que es incre\u00edblemente eficaz para eliminar las impurezas. Tambi\u00e9n se sabe que es un buen tonificante. Hay muchas opciones para el cuidado del cabello seco y h\u00famedo; el cuidado del cabello seco puede ser f\u00e1cil para tu cartera porque no hay productos qu\u00edmicos o productos cargados de productos qu\u00edmicos. El cuidado del cabello h\u00famedo puede ser caro y dif\u00edcil de manejar, pero es necesario si quieres mantenerlo sano y con buen aspecto.<\/p><h2 class=\"wp-block-heading\">L\u00e1vate el cabello con un buen secador.<\/h2><p>Un buen secador puede hacer maravillas. Puede alisar tu cabello, a\u00f1adir volumen e incluso crear un buen peinado. Tambi\u00e9n sirve para alisar otros tipos de cabello, como el ondulado o el rizado. Si tienes el caebllo rizado o liso por naturaleza, puede que la plancha no te funcione bien con \u00e9l. La plancha est\u00e1 dise\u00f1ada para alisar todo tipo de cabellos, no solo los rizados o lisos. Puedes encontrar secadores dise\u00f1ados espec\u00edficamente para alisar el pelo. Vienen con diferentes ajustes de calor para que puedas elegir el que mejor te funcione.<\/p><h2 class=\"wp-block-heading\">Usa el Shampoo adecuado<\/h2><p>Encontrar el shampoo perfecto se relaciona con el objetivo que busques para tu cabello (Brillo, restauraci\u00f3n, anti frizz, hidrataci\u00f3n, etc) En Blomer contamos con un shampoo especial para la limpieza, hidrataci\u00f3n y restauraci\u00f3n del cabello, con una f\u00f3rmula anti frizz, que  te ayuda a reducir la ca\u00edda y fortalecer el fol\u00edculo piloso. <\/p><figure class=\"wp-block-image size-large\"><img fetchpriority=\"high\" decoding=\"async\" width=\"1024\" height=\"1024\" src=\"https:\/\/blomer.com.co\/wp-content\/uploads\/2023\/01\/02112022_Post_Redes_Blomer_02-1024x1024.png\" alt=\"\" class=\"wp-image-4145\" srcset=\"https:\/\/blomer.com.co\/wp-content\/uploads\/2023\/01\/02112022_Post_Redes_Blomer_02-1024x1024.png 1024w, https:\/\/blomer.com.co\/wp-content\/uploads\/2023\/01\/02112022_Post_Redes_Blomer_02-500x500.png 500w, https:\/\/blomer.com.co\/wp-content\/uploads\/2023\/01\/02112022_Post_Redes_Blomer_02-100x100.png 100w, https:\/\/blomer.com.co\/wp-content\/uploads\/2023\/01\/02112022_Post_Redes_Blomer_02-300x300.png 300w, https:\/\/blomer.com.co\/wp-content\/uploads\/2023\/01\/02112022_Post_Redes_Blomer_02-150x150.png 150w, https:\/\/blomer.com.co\/wp-content\/uploads\/2023\/01\/02112022_Post_Redes_Blomer_02-768x768.png 768w, https:\/\/blomer.com.co\/wp-content\/uploads\/2023\/01\/02112022_Post_Redes_Blomer_02-12x12.png 12w, https:\/\/blomer.com.co\/wp-content\/uploads\/2023\/01\/02112022_Post_Redes_Blomer_02.png 1080w\" sizes=\"(max-width: 1024px) 100vw, 1024px\" \/><\/figure><h2 class=\"wp-block-heading\">No utilices demasiada agua para lavarte el cabello.<\/h2><p>Los lavados con demasiada agua pueden da\u00f1ar tu cabello. El lavado excesivo tambi\u00e9n puede da\u00f1ar el cuero cabelludo y provocar enrojecimiento e irritaci\u00f3n. El agua debe tratarse como una sustancia no qu\u00edmica para que no entre en contacto con su cabello. Debe lavarse con menos frecuencia que otras plantas, ya que no necesita tanta humedad.<\/p><p><\/p>","protected":false},"excerpt":{"rendered":"<p>Despu\u00e9s de un duro d\u00eda de trabajo, tu pelo puede sentirse tirante y seco. Tambi\u00e9n puede resultarte dif\u00edcil peinarlo debido al peso de la acumulaci\u00f3n. Sin embargo, todos estos problemas se pueden solucionar f\u00e1cilmente lav\u00e1ndose el pelo. Lavarse el pelo es un proceso sencillo y puedes hacerlo casi en cualquier sitio. S\u00f3lo necesitas un buen [&hellip;]<\/p>","protected":false},"author":3,"featured_media":4150,"comment_status":"open","ping_status":"open","sticky":false,"template":"","format":"standard","meta":{"_acf_changed":false,"footnotes":""},"categories":[71],"tags":[],"class_list":["post-4144","post","type-post","status-publish","format-standard","has-post-thumbnail","hentry","category-novedades"],"acf":[],"yoast_head":"<!-- This site is optimized with the Yoast SEO plugin v25.2 - https:\/\/yoast.com\/wordpress\/plugins\/seo\/ -->\n<title>Tips para lavar tu cabello | BLOMER CEPILLOS PARA EL CABELLO | Cepillo para cabello<\/title>\n<meta name=\"description\" content=\"Tips para lavar tu cabello | Despu\u00e9s de un duro d\u00eda de trabajo, tu pelo puede sentirse tirante y seco. Tambi\u00e9n puede resultarte dif\u00edcil peinarlo debido al peso de la acumulaci\u00f3n. Sin | Cepillo para cabello | BLOMER CEPILLOS PARA EL CABELLO\" \/>\n<meta name=\"robots\" content=\"noindex, follow\" \/>\n<meta property=\"og:locale\" content=\"en_US\" \/>\n<meta property=\"og:type\" content=\"article\" \/>\n<meta property=\"og:title\" content=\"Tips para lavar tu cabello | BLOMER CEPILLOS PARA EL CABELLO | Cepillo para cabello\" \/>\n<meta property=\"og:description\" content=\"Tips para lavar tu cabello | Despu\u00e9s de un duro d\u00eda de trabajo, tu pelo puede sentirse tirante y seco. Tambi\u00e9n puede resultarte dif\u00edcil peinarlo debido al peso de la acumulaci\u00f3n. Sin | Cepillo para cabello | BLOMER CEPILLOS PARA EL CABELLO\" \/>\n<meta property=\"og:url\" content=\"https:\/\/blomer.com.co\/en\/tips-para-lavar-tu-cabello\/\" \/>\n<meta property=\"og:site_name\" content=\"BLOMER CEPILLOS PARA EL CABELLO\" \/>\n<meta property=\"article:publisher\" content=\"https:\/\/www.facebook.com\/cepillosblomer\" \/>\n<meta property=\"article:published_time\" content=\"2023-01-10T19:11:41+00:00\" \/>\n<meta property=\"article:modified_time\" content=\"2023-02-06T22:46:27+00:00\" \/>\n<meta property=\"og:image\" content=\"https:\/\/blomer.com.co\/wp-content\/uploads\/2023\/01\/Captura-de-Pantalla-2023-02-06-a-las-5.45.39-p.-m..png\" \/>\n\t<meta property=\"og:image:width\" content=\"986\" \/>\n\t<meta property=\"og:image:height\" content=\"658\" \/>\n\t<meta property=\"og:image:type\" content=\"image\/png\" \/>\n<meta name=\"author\" content=\"Blomer\" \/>\n<meta name=\"twitter:card\" content=\"summary_large_image\" \/>\n<meta name=\"twitter:label1\" content=\"Written by\" \/>\n\t<meta name=\"twitter:data1\" content=\"Blomer\" \/>\n\t<meta name=\"twitter:label2\" content=\"Est. reading time\" \/>\n\t<meta name=\"twitter:data2\" content=\"3 minutes\" \/>\n<script type=\"application\/ld+json\" class=\"yoast-schema-graph\">{\"@context\":\"https:\/\/schema.org\",\"@graph\":[{\"@type\":\"Article\",\"@id\":\"https:\/\/blomer.com.co\/tips-para-lavar-tu-cabello\/#article\",\"isPartOf\":{\"@id\":\"https:\/\/blomer.com.co\/tips-para-lavar-tu-cabello\/\"},\"author\":{\"name\":\"Blomer\",\"@id\":\"https:\/\/blomer.com.co\/#\/schema\/person\/b3f745ebe9c6f368028fd1899e1c21f8\"},\"headline\":\"Tips para lavar tu cabello\",\"datePublished\":\"2023-01-10T19:11:41+00:00\",\"dateModified\":\"2023-02-06T22:46:27+00:00\",\"mainEntityOfPage\":{\"@id\":\"https:\/\/blomer.com.co\/tips-para-lavar-tu-cabello\/\"},\"wordCount\":497,\"commentCount\":0,\"publisher\":{\"@id\":\"https:\/\/blomer.com.co\/#organization\"},\"image\":{\"@id\":\"https:\/\/blomer.com.co\/tips-para-lavar-tu-cabello\/#primaryimage\"},\"thumbnailUrl\":\"https:\/\/blomer.com.co\/wp-content\/uploads\/2023\/01\/Captura-de-Pantalla-2023-02-06-a-las-5.45.39-p.-m..png\",\"articleSection\":[\"Novedades\"],\"inLanguage\":\"en-US\",\"potentialAction\":[{\"@type\":\"CommentAction\",\"name\":\"Comment\",\"target\":[\"https:\/\/blomer.com.co\/tips-para-lavar-tu-cabello\/#respond\"]}]},{\"@type\":\"WebPage\",\"@id\":\"https:\/\/blomer.com.co\/tips-para-lavar-tu-cabello\/\",\"url\":\"https:\/\/blomer.com.co\/tips-para-lavar-tu-cabello\/\",\"name\":\"Tips para lavar tu cabello | BLOMER CEPILLOS PARA EL CABELLO | Cepillo para cabello\",\"isPartOf\":{\"@id\":\"https:\/\/blomer.com.co\/#website\"},\"primaryImageOfPage\":{\"@id\":\"https:\/\/blomer.com.co\/tips-para-lavar-tu-cabello\/#primaryimage\"},\"image\":{\"@id\":\"https:\/\/blomer.com.co\/tips-para-lavar-tu-cabello\/#primaryimage\"},\"thumbnailUrl\":\"https:\/\/blomer.com.co\/wp-content\/uploads\/2023\/01\/Captura-de-Pantalla-2023-02-06-a-las-5.45.39-p.-m..png\",\"datePublished\":\"2023-01-10T19:11:41+00:00\",\"dateModified\":\"2023-02-06T22:46:27+00:00\",\"description\":\"Tips para lavar tu cabello | Despu\u00e9s de un duro d\u00eda de trabajo, tu pelo puede sentirse tirante y seco. Tambi\u00e9n puede resultarte dif\u00edcil peinarlo debido al peso de la acumulaci\u00f3n. Sin | Cepillo para cabello | BLOMER CEPILLOS PARA EL CABELLO\",\"breadcrumb\":{\"@id\":\"https:\/\/blomer.com.co\/tips-para-lavar-tu-cabello\/#breadcrumb\"},\"inLanguage\":\"en-US\",\"potentialAction\":[{\"@type\":\"ReadAction\",\"target\":[\"https:\/\/blomer.com.co\/tips-para-lavar-tu-cabello\/\"]}]},{\"@type\":\"ImageObject\",\"inLanguage\":\"en-US\",\"@id\":\"https:\/\/blomer.com.co\/tips-para-lavar-tu-cabello\/#primaryimage\",\"url\":\"https:\/\/blomer.com.co\/wp-content\/uploads\/2023\/01\/Captura-de-Pantalla-2023-02-06-a-las-5.45.39-p.-m..png\",\"contentUrl\":\"https:\/\/blomer.com.co\/wp-content\/uploads\/2023\/01\/Captura-de-Pantalla-2023-02-06-a-las-5.45.39-p.-m..png\",\"width\":986,\"height\":658},{\"@type\":\"BreadcrumbList\",\"@id\":\"https:\/\/blomer.com.co\/tips-para-lavar-tu-cabello\/#breadcrumb\",\"itemListElement\":[{\"@type\":\"ListItem\",\"position\":1,\"name\":\"Portada\",\"item\":\"https:\/\/blomer.com.co\/\"},{\"@type\":\"ListItem\",\"position\":2,\"name\":\"Tips para lavar tu cabello\"}]},{\"@type\":\"WebSite\",\"@id\":\"https:\/\/blomer.com.co\/#website\",\"url\":\"https:\/\/blomer.com.co\/\",\"name\":\"BLOMER CEPILLOS PARA EL CABELLO\",\"description\":\"Cepillos Profesionales para el cabello\",\"publisher\":{\"@id\":\"https:\/\/blomer.com.co\/#organization\"},\"potentialAction\":[{\"@type\":\"SearchAction\",\"target\":{\"@type\":\"EntryPoint\",\"urlTemplate\":\"https:\/\/blomer.com.co\/?s={search_term_string}\"},\"query-input\":{\"@type\":\"PropertyValueSpecification\",\"valueRequired\":true,\"valueName\":\"search_term_string\"}}],\"inLanguage\":\"en-US\"},{\"@type\":\"Organization\",\"@id\":\"https:\/\/blomer.com.co\/#organization\",\"name\":\"Blomer | Cepillos para el Cabello\",\"url\":\"https:\/\/blomer.com.co\/\",\"logo\":{\"@type\":\"ImageObject\",\"inLanguage\":\"en-US\",\"@id\":\"https:\/\/blomer.com.co\/#\/schema\/logo\/image\/\",\"url\":\"https:\/\/blomer.com.co\/wp-content\/uploads\/2021\/02\/cropped-LOGO2-WEB-Blomer-10-1.png\",\"contentUrl\":\"https:\/\/blomer.com.co\/wp-content\/uploads\/2021\/02\/cropped-LOGO2-WEB-Blomer-10-1.png\",\"width\":515,\"height\":457,\"caption\":\"Blomer | Cepillos para el Cabello\"},\"image\":{\"@id\":\"https:\/\/blomer.com.co\/#\/schema\/logo\/image\/\"},\"sameAs\":[\"https:\/\/www.facebook.com\/cepillosblomer\",\"https:\/\/www.instagram.com\/cepillosblomer\/\",\"https:\/\/www.youtube.com\/channel\/UC8StcQv9E7OE550fxk1jydA\"]},{\"@type\":\"Person\",\"@id\":\"https:\/\/blomer.com.co\/#\/schema\/person\/b3f745ebe9c6f368028fd1899e1c21f8\",\"name\":\"Blomer\",\"image\":{\"@type\":\"ImageObject\",\"inLanguage\":\"en-US\",\"@id\":\"https:\/\/blomer.com.co\/#\/schema\/person\/image\/\",\"url\":\"https:\/\/secure.gravatar.com\/avatar\/dded8b35efb70e9b6b836647812cb58d7e745c4074533e44324eda8b877d8284?s=96&d=mm&r=g\",\"contentUrl\":\"https:\/\/secure.gravatar.com\/avatar\/dded8b35efb70e9b6b836647812cb58d7e745c4074533e44324eda8b877d8284?s=96&d=mm&r=g\",\"caption\":\"Blomer\"}}]}<\/script>\n<!-- \/ Yoast SEO plugin. -->","yoast_head_json":{"title":"Tips para lavar tu cabello | BLOMER CEPILLOS PARA EL CABELLO | Cepillo para cabello","description":"Tips para lavar tu cabello | Despu\u00e9s de un duro d\u00eda de trabajo, tu pelo puede sentirse tirante y seco. Tambi\u00e9n puede resultarte dif\u00edcil peinarlo debido al peso de la acumulaci\u00f3n. Sin | Cepillo para cabello | BLOMER CEPILLOS PARA EL CABELLO","robots":{"index":"noindex","follow":"follow"},"og_locale":"en_US","og_type":"article","og_title":"Tips para lavar tu cabello | BLOMER CEPILLOS PARA EL CABELLO | Cepillo para cabello","og_description":"Tips para lavar tu cabello | Despu\u00e9s de un duro d\u00eda de trabajo, tu pelo puede sentirse tirante y seco. Tambi\u00e9n puede resultarte dif\u00edcil peinarlo debido al peso de la acumulaci\u00f3n. Sin | Cepillo para cabello | BLOMER CEPILLOS PARA EL CABELLO","og_url":"https:\/\/blomer.com.co\/en\/tips-para-lavar-tu-cabello\/","og_site_name":"BLOMER CEPILLOS PARA EL CABELLO","article_publisher":"https:\/\/www.facebook.com\/cepillosblomer","article_published_time":"2023-01-10T19:11:41+00:00","article_modified_time":"2023-02-06T22:46:27+00:00","og_image":[{"width":986,"height":658,"url":"https:\/\/blomer.com.co\/wp-content\/uploads\/2023\/01\/Captura-de-Pantalla-2023-02-06-a-las-5.45.39-p.-m..png","type":"image\/png"}],"author":"Blomer","twitter_card":"summary_large_image","twitter_misc":{"Written by":"Blomer","Est. reading time":"3 minutes"},"schema":{"@context":"https:\/\/schema.org","@graph":[{"@type":"Article","@id":"https:\/\/blomer.com.co\/tips-para-lavar-tu-cabello\/#article","isPartOf":{"@id":"https:\/\/blomer.com.co\/tips-para-lavar-tu-cabello\/"},"author":{"name":"Blomer","@id":"https:\/\/blomer.com.co\/#\/schema\/person\/b3f745ebe9c6f368028fd1899e1c21f8"},"headline":"Tips para lavar tu cabello","datePublished":"2023-01-10T19:11:41+00:00","dateModified":"2023-02-06T22:46:27+00:00","mainEntityOfPage":{"@id":"https:\/\/blomer.com.co\/tips-para-lavar-tu-cabello\/"},"wordCount":497,"commentCount":0,"publisher":{"@id":"https:\/\/blomer.com.co\/#organization"},"image":{"@id":"https:\/\/blomer.com.co\/tips-para-lavar-tu-cabello\/#primaryimage"},"thumbnailUrl":"https:\/\/blomer.com.co\/wp-content\/uploads\/2023\/01\/Captura-de-Pantalla-2023-02-06-a-las-5.45.39-p.-m..png","articleSection":["Novedades"],"inLanguage":"en-US","potentialAction":[{"@type":"CommentAction","name":"Comment","target":["https:\/\/blomer.com.co\/tips-para-lavar-tu-cabello\/#respond"]}]},{"@type":"WebPage","@id":"https:\/\/blomer.com.co\/tips-para-lavar-tu-cabello\/","url":"https:\/\/blomer.com.co\/tips-para-lavar-tu-cabello\/","name":"Tips para lavar tu cabello | BLOMER CEPILLOS PARA EL CABELLO | Cepillo para cabello","isPartOf":{"@id":"https:\/\/blomer.com.co\/#website"},"primaryImageOfPage":{"@id":"https:\/\/blomer.com.co\/tips-para-lavar-tu-cabello\/#primaryimage"},"image":{"@id":"https:\/\/blomer.com.co\/tips-para-lavar-tu-cabello\/#primaryimage"},"thumbnailUrl":"https:\/\/blomer.com.co\/wp-content\/uploads\/2023\/01\/Captura-de-Pantalla-2023-02-06-a-las-5.45.39-p.-m..png","datePublished":"2023-01-10T19:11:41+00:00","dateModified":"2023-02-06T22:46:27+00:00","description":"Tips para lavar tu cabello | Despu\u00e9s de un duro d\u00eda de trabajo, tu pelo puede sentirse tirante y seco. Tambi\u00e9n puede resultarte dif\u00edcil peinarlo debido al peso de la acumulaci\u00f3n. Sin | Cepillo para cabello | BLOMER CEPILLOS PARA EL CABELLO","breadcrumb":{"@id":"https:\/\/blomer.com.co\/tips-para-lavar-tu-cabello\/#breadcrumb"},"inLanguage":"en-US","potentialAction":[{"@type":"ReadAction","target":["https:\/\/blomer.com.co\/tips-para-lavar-tu-cabello\/"]}]},{"@type":"ImageObject","inLanguage":"en-US","@id":"https:\/\/blomer.com.co\/tips-para-lavar-tu-cabello\/#primaryimage","url":"https:\/\/blomer.com.co\/wp-content\/uploads\/2023\/01\/Captura-de-Pantalla-2023-02-06-a-las-5.45.39-p.-m..png","contentUrl":"https:\/\/blomer.com.co\/wp-content\/uploads\/2023\/01\/Captura-de-Pantalla-2023-02-06-a-las-5.45.39-p.-m..png","width":986,"height":658},{"@type":"BreadcrumbList","@id":"https:\/\/blomer.com.co\/tips-para-lavar-tu-cabello\/#breadcrumb","itemListElement":[{"@type":"ListItem","position":1,"name":"Portada","item":"https:\/\/blomer.com.co\/"},{"@type":"ListItem","position":2,"name":"Tips para lavar tu cabello"}]},{"@type":"WebSite","@id":"https:\/\/blomer.com.co\/#website","url":"https:\/\/blomer.com.co\/","name":"BLOMER CEPILLOS PARA EL CABELLO","description":"Cepillos Profesionales para el cabello","publisher":{"@id":"https:\/\/blomer.com.co\/#organization"},"potentialAction":[{"@type":"SearchAction","target":{"@type":"EntryPoint","urlTemplate":"https:\/\/blomer.com.co\/?s={search_term_string}"},"query-input":{"@type":"PropertyValueSpecification","valueRequired":true,"valueName":"search_term_string"}}],"inLanguage":"en-US"},{"@type":"Organization","@id":"https:\/\/blomer.com.co\/#organization","name":"Blomer | Cepillos para el Cabello","url":"https:\/\/blomer.com.co\/","logo":{"@type":"ImageObject","inLanguage":"en-US","@id":"https:\/\/blomer.com.co\/#\/schema\/logo\/image\/","url":"https:\/\/blomer.com.co\/wp-content\/uploads\/2021\/02\/cropped-LOGO2-WEB-Blomer-10-1.png","contentUrl":"https:\/\/blomer.com.co\/wp-content\/uploads\/2021\/02\/cropped-LOGO2-WEB-Blomer-10-1.png","width":515,"height":457,"caption":"Blomer | Cepillos para el Cabello"},"image":{"@id":"https:\/\/blomer.com.co\/#\/schema\/logo\/image\/"},"sameAs":["https:\/\/www.facebook.com\/cepillosblomer","https:\/\/www.instagram.com\/cepillosblomer\/","https:\/\/www.youtube.com\/channel\/UC8StcQv9E7OE550fxk1jydA"]},{"@type":"Person","@id":"https:\/\/blomer.com.co\/#\/schema\/person\/b3f745ebe9c6f368028fd1899e1c21f8","name":"Blomer","image":{"@type":"ImageObject","inLanguage":"en-US","@id":"https:\/\/blomer.com.co\/#\/schema\/person\/image\/","url":"https:\/\/secure.gravatar.com\/avatar\/dded8b35efb70e9b6b836647812cb58d7e745c4074533e44324eda8b877d8284?s=96&d=mm&r=g","contentUrl":"https:\/\/secure.gravatar.com\/avatar\/dded8b35efb70e9b6b836647812cb58d7e745c4074533e44324eda8b877d8284?s=96&d=mm&r=g","caption":"Blomer"}}]}},"_links":{"self":[{"href":"https:\/\/blomer.com.co\/en\/wp-json\/wp\/v2\/posts\/4144","targetHints":{"allow":["GET"]}}],"collection":[{"href":"https:\/\/blomer.com.co\/en\/wp-json\/wp\/v2\/posts"}],"about":[{"href":"https:\/\/blomer.com.co\/en\/wp-json\/wp\/v2\/types\/post"}],"author":[{"embeddable":true,"href":"https:\/\/blomer.com.co\/en\/wp-json\/wp\/v2\/users\/3"}],"replies":[{"embeddable":true,"href":"https:\/\/blomer.com.co\/en\/wp-json\/wp\/v2\/comments?post=4144"}],"version-history":[{"count":2,"href":"https:\/\/blomer.com.co\/en\/wp-json\/wp\/v2\/posts\/4144\/revisions"}],"predecessor-version":[{"id":4151,"href":"https:\/\/blomer.com.co\/en\/wp-json\/wp\/v2\/posts\/4144\/revisions\/4151"}],"wp:featuredmedia":[{"embeddable":true,"href":"https:\/\/blomer.com.co\/en\/wp-json\/wp\/v2\/media\/4150"}],"wp:attachment":[{"href":"https:\/\/blomer.com.co\/en\/wp-json\/wp\/v2\/media?parent=4144"}],"wp:term":[{"taxonomy":"category","embeddable":true,"href":"https:\/\/blomer.com.co\/en\/wp-json\/wp\/v2\/categories?post=4144"},{"taxonomy":"post_tag","embeddable":true,"href":"https:\/\/blomer.com.co\/en\/wp-json\/wp\/v2\/tags?post=4144"}],"curies":[{"name":"wp","href":"https:\/\/api.w.org\/{rel}","templated":true}]}}